{"id":3359,"date":"2026-08-31T13:50:01","date_gmt":"2026-08-31T16:50:01","guid":{"rendered":"https:\/\/bvzadvogados.com.br\/?p=3359"},"modified":"2026-08-31T14:08:47","modified_gmt":"2026-08-31T17:08:47","slug":"falencia-da-oi","status":"publish","type":"post","link":"https:\/\/bvzadvogados.com.br\/en\/falencia-da-oi\/","title":{"rendered":"F\u00e1bio Percegoni speaks to Folha de S.Paulo about Oi\u2019s bankruptcy"},"content":{"rendered":"<p><\/p>\n<div>Our partner F\u00e1bio Percegoni de Andrade was interviewed by Folha de S.Paulo for a Painel S.A. article on the developments surrounding Oi\u2019s bankruptcy and its implications for the liability action against investment funds that became the company\u2019s majority shareholders.<\/div>\n<div>\u3164<\/div>\n<div>\n<p class=\"isSelectedEnd\">The article addresses creditors\u2019 assessment that the ruling declaring Oi\u2019s bankruptcy strengthens the investigation into the potential liability of controlling shareholders and officers, in a dispute involving the exercise of control and the possible prioritization of their own claims to the detriment of the company and other creditors.<\/p>\n<p class=\"isSelectedEnd\">In his analysis, Percegoni emphasizes that the Rio de Janeiro Court of Justice\u2019s (TJRJ) conclusions regarding the actions of officers and controlling shareholders remain preliminary, as there has been no ruling on the merits concerning any potential unlawful conduct.<\/p>\n<p class=\"isSelectedEnd\">The matter highlights the complexity of discussions in corporate insolvency proceedings, particularly when they involve the liability of controlling shareholders, the order of payment to creditors, and the preservation of the bankruptcy estate\u2019s assets.<\/p>\n<p><a href=\"https:\/\/www1.folha.uol.com.br\/colunas\/painelsa\/2026\/08\/falencia-da-oi-reforca-acao-contra-fundos-de-investimento-avaliam-credores.shtml\" target=\"_blank\" rel=\"noopener\"><span class=\"text-token-text-primary cursor-text rounded-sm\" data-placeholder-token=\"true\">Click here to read the full article.<\/span><\/a><\/p>\n<\/div>\n<p><\/p>","protected":false},"excerpt":{"rendered":"<p>Our partner F\u00e1bio Percegoni de Andrade was interviewed by Folha de S.Paulo for a Painel S.A. article on the developments surrounding [&hellip;]<\/p>\n","protected":false},"author":1,"featured_media":3360,"comment_status":"closed","ping_status":"closed","sticky":false,"template":"","format":"standard","meta":{"_acf_changed":false,"footnotes":""},"categories":[16],"tags":[],"class_list":["post-3359","post","type-post","status-publish","format-standard","has-post-thumbnail","hentry","category-imprensa"],"acf":[],"yoast_head":"<!-- This site is optimized with the Yoast SEO plugin v28.3 - https:\/\/yoast.com\/product\/yoast-seo-wordpress\/ -->\n<title>Fal\u00eancia da Oi<\/title>\n<meta name=\"description\" content=\"F\u00e1bio Percegoni analisa \u00e0 Folha de S.Paulo os desdobramentos da fal\u00eancia da Oi e a responsabilidade de fundos de investimento.\" \/>\n<meta name=\"robots\" content=\"index, follow, max-snippet:-1, max-image-preview:large, max-video-preview:-1\" \/>\n<link rel=\"canonical\" href=\"https:\/\/bvzadvogados.com.br\/falencia-da-oi\/\" \/>\n<meta property=\"og:locale\" content=\"en_US\" \/>\n<meta property=\"og:type\" content=\"article\" \/>\n<meta property=\"og:title\" content=\"Fal\u00eancia da Oi\" \/>\n<meta property=\"og:description\" content=\"F\u00e1bio Percegoni analisa \u00e0 Folha de S.Paulo os desdobramentos da fal\u00eancia da Oi e a responsabilidade de fundos de investimento.\" \/>\n<meta property=\"og:url\" content=\"https:\/\/bvzadvogados.com.br\/falencia-da-oi\/\" \/>\n<meta property=\"og:site_name\" content=\"BVZ Advogados\" \/>\n<meta property=\"article:published_time\" content=\"2026-08-31T16:50:01+00:00\" \/>\n<meta property=\"article:modified_time\" content=\"2026-08-31T17:08:47+00:00\" \/>\n<meta property=\"og:image\" content=\"https:\/\/bvzadvogados.com.br\/wp-content\/uploads\/2026\/08\/arte-site-OC-2026-08-31T125528.390.png\" \/>\n\t<meta property=\"og:image:width\" content=\"1024\" \/>\n\t<meta property=\"og:image:height\" content=\"683\" \/>\n\t<meta property=\"og:image:type\" content=\"image\/png\" \/>\n<meta name=\"author\" content=\"admin\" \/>\n<meta name=\"twitter:card\" content=\"summary_large_image\" \/>\n<meta name=\"twitter:label1\" content=\"Written by\" \/>\n\t<meta name=\"twitter:data1\" content=\"admin\" \/>\n\t<meta name=\"twitter:label2\" content=\"Est. reading time\" \/>\n\t<meta name=\"twitter:data2\" content=\"2 minutes\" \/>\n<script type=\"application\/ld+json\" class=\"yoast-schema-graph\">{\"@context\":\"https:\\\/\\\/schema.org\",\"@graph\":[{\"@type\":\"Article\",\"@id\":\"https:\\\/\\\/bvzadvogados.com.br\\\/falencia-da-oi\\\/#article\",\"isPartOf\":{\"@id\":\"https:\\\/\\\/bvzadvogados.com.br\\\/falencia-da-oi\\\/\"},\"author\":{\"name\":\"admin\",\"@id\":\"https:\\\/\\\/bvzadvogados.com.br\\\/#\\\/schema\\\/person\\\/4550b39138f04c99e03c14cb3bcad06c\"},\"headline\":\"F\u00e1bio Percegoni speaks to Folha de S.Paulo about Oi\u2019s bankruptcy\",\"datePublished\":\"2026-08-31T16:50:01+00:00\",\"dateModified\":\"2026-08-31T17:08:47+00:00\",\"mainEntityOfPage\":{\"@id\":\"https:\\\/\\\/bvzadvogados.com.br\\\/falencia-da-oi\\\/\"},\"wordCount\":390,\"publisher\":{\"@id\":\"https:\\\/\\\/bvzadvogados.com.br\\\/#organization\"},\"image\":{\"@id\":\"https:\\\/\\\/bvzadvogados.com.br\\\/falencia-da-oi\\\/#primaryimage\"},\"thumbnailUrl\":\"https:\\\/\\\/bvzadvogados.com.br\\\/wp-content\\\/uploads\\\/2026\\\/08\\\/arte-site-OC-2026-08-31T125528.390.png\",\"articleSection\":[\"Press\"],\"inLanguage\":\"en-US\"},{\"@type\":\"WebPage\",\"@id\":\"https:\\\/\\\/bvzadvogados.com.br\\\/falencia-da-oi\\\/\",\"url\":\"https:\\\/\\\/bvzadvogados.com.br\\\/falencia-da-oi\\\/\",\"name\":\"Fal\u00eancia da Oi\",\"isPartOf\":{\"@id\":\"https:\\\/\\\/bvzadvogados.com.br\\\/#website\"},\"primaryImageOfPage\":{\"@id\":\"https:\\\/\\\/bvzadvogados.com.br\\\/falencia-da-oi\\\/#primaryimage\"},\"image\":{\"@id\":\"https:\\\/\\\/bvzadvogados.com.br\\\/falencia-da-oi\\\/#primaryimage\"},\"thumbnailUrl\":\"https:\\\/\\\/bvzadvogados.com.br\\\/wp-content\\\/uploads\\\/2026\\\/08\\\/arte-site-OC-2026-08-31T125528.390.png\",\"datePublished\":\"2026-08-31T16:50:01+00:00\",\"dateModified\":\"2026-08-31T17:08:47+00:00\",\"description\":\"F\u00e1bio Percegoni analisa \u00e0 Folha de S.Paulo os desdobramentos da fal\u00eancia da Oi e a responsabilidade de fundos de investimento.\",\"breadcrumb\":{\"@id\":\"https:\\\/\\\/bvzadvogados.com.br\\\/falencia-da-oi\\\/#breadcrumb\"},\"inLanguage\":\"en-US\",\"potentialAction\":[{\"@type\":\"ReadAction\",\"target\":[\"https:\\\/\\\/bvzadvogados.com.br\\\/falencia-da-oi\\\/\"]}]},{\"@type\":\"ImageObject\",\"inLanguage\":\"en-US\",\"@id\":\"https:\\\/\\\/bvzadvogados.com.br\\\/falencia-da-oi\\\/#primaryimage\",\"url\":\"https:\\\/\\\/bvzadvogados.com.br\\\/wp-content\\\/uploads\\\/2026\\\/08\\\/arte-site-OC-2026-08-31T125528.390.png\",\"contentUrl\":\"https:\\\/\\\/bvzadvogados.com.br\\\/wp-content\\\/uploads\\\/2026\\\/08\\\/arte-site-OC-2026-08-31T125528.390.png\",\"width\":2560,\"height\":1707,\"caption\":\"Fal\u00eancia da Oi\"},{\"@type\":\"BreadcrumbList\",\"@id\":\"https:\\\/\\\/bvzadvogados.com.br\\\/falencia-da-oi\\\/#breadcrumb\",\"itemListElement\":[{\"@type\":\"ListItem\",\"position\":1,\"name\":\"In\u00edcio\",\"item\":\"https:\\\/\\\/bvzadvogados.com.br\\\/\"},{\"@type\":\"ListItem\",\"position\":2,\"name\":\"F\u00e1bio Percegoni fala \u00e0 Folha de S.Paulo sobre a fal\u00eancia da Oi\"}]},{\"@type\":\"WebSite\",\"@id\":\"https:\\\/\\\/bvzadvogados.com.br\\\/#website\",\"url\":\"https:\\\/\\\/bvzadvogados.com.br\\\/\",\"name\":\"BVZ - Bastos Bari Vilela Zugman Advogados\",\"description\":\"\",\"publisher\":{\"@id\":\"https:\\\/\\\/bvzadvogados.com.br\\\/#organization\"},\"potentialAction\":[{\"@type\":\"SearchAction\",\"target\":{\"@type\":\"EntryPoint\",\"urlTemplate\":\"https:\\\/\\\/bvzadvogados.com.br\\\/?s={search_term_string}\"},\"query-input\":{\"@type\":\"PropertyValueSpecification\",\"valueRequired\":true,\"valueName\":\"search_term_string\"}}],\"inLanguage\":\"en-US\"},{\"@type\":\"Organization\",\"@id\":\"https:\\\/\\\/bvzadvogados.com.br\\\/#organization\",\"name\":\"BVZ - Bastos Bari Vilela Zugman Advogados\",\"url\":\"https:\\\/\\\/bvzadvogados.com.br\\\/\",\"logo\":{\"@type\":\"ImageObject\",\"inLanguage\":\"en-US\",\"@id\":\"https:\\\/\\\/bvzadvogados.com.br\\\/#\\\/schema\\\/logo\\\/image\\\/\",\"url\":\"https:\\\/\\\/bvzadvogados.com.br\\\/wp-content\\\/uploads\\\/2025\\\/07\\\/cropped-favicon-300x300-1.png\",\"contentUrl\":\"https:\\\/\\\/bvzadvogados.com.br\\\/wp-content\\\/uploads\\\/2025\\\/07\\\/cropped-favicon-300x300-1.png\",\"width\":512,\"height\":512,\"caption\":\"BVZ - Bastos Bari Vilela Zugman Advogados\"},\"image\":{\"@id\":\"https:\\\/\\\/bvzadvogados.com.br\\\/#\\\/schema\\\/logo\\\/image\\\/\"},\"sameAs\":[\"https:\\\/\\\/www.linkedin.com\\\/company\\\/bvzadvogados\\\/\"]},{\"@type\":\"Person\",\"@id\":\"https:\\\/\\\/bvzadvogados.com.br\\\/#\\\/schema\\\/person\\\/4550b39138f04c99e03c14cb3bcad06c\",\"name\":\"admin\",\"image\":{\"@type\":\"ImageObject\",\"inLanguage\":\"en-US\",\"@id\":\"https:\\\/\\\/secure.gravatar.com\\\/avatar\\\/c905ba65424bc99d600b3220e8713eaf72b4dd68497ef6722b4375ad88fd5817?s=96&d=mm&r=g\",\"url\":\"https:\\\/\\\/secure.gravatar.com\\\/avatar\\\/c905ba65424bc99d600b3220e8713eaf72b4dd68497ef6722b4375ad88fd5817?s=96&d=mm&r=g\",\"contentUrl\":\"https:\\\/\\\/secure.gravatar.com\\\/avatar\\\/c905ba65424bc99d600b3220e8713eaf72b4dd68497ef6722b4375ad88fd5817?s=96&d=mm&r=g\",\"caption\":\"admin\"},\"sameAs\":[\"https:\\\/\\\/bvzadvogados.com.br\"],\"url\":\"https:\\\/\\\/bvzadvogados.com.br\\\/en\\\/author\\\/admin\\\/\"}]}<\/script>\n<!-- \/ Yoast SEO plugin. -->","yoast_head_json":{"title":"Fal\u00eancia da Oi","description":"F\u00e1bio Percegoni analisa \u00e0 Folha de S.Paulo os desdobramentos da fal\u00eancia da Oi e a responsabilidade de fundos de investimento.","robots":{"index":"index","follow":"follow","max-snippet":"max-snippet:-1","max-image-preview":"max-image-preview:large","max-video-preview":"max-video-preview:-1"},"canonical":"https:\/\/bvzadvogados.com.br\/falencia-da-oi\/","og_locale":"en_US","og_type":"article","og_title":"Fal\u00eancia da Oi","og_description":"F\u00e1bio Percegoni analisa \u00e0 Folha de S.Paulo os desdobramentos da fal\u00eancia da Oi e a responsabilidade de fundos de investimento.","og_url":"https:\/\/bvzadvogados.com.br\/falencia-da-oi\/","og_site_name":"BVZ Advogados","article_published_time":"2026-08-31T16:50:01+00:00","article_modified_time":"2026-08-31T17:08:47+00:00","og_image":[{"url":"https:\/\/bvzadvogados.com.br\/wp-content\/uploads\/2026\/08\/arte-site-OC-2026-08-31T125528.390.png","width":1024,"height":683,"type":"image\/png"}],"author":"admin","twitter_card":"summary_large_image","twitter_misc":{"Written by":"admin","Est. reading time":"2 minutes"},"schema":{"@context":"https:\/\/schema.org","@graph":[{"@type":"Article","@id":"https:\/\/bvzadvogados.com.br\/falencia-da-oi\/#article","isPartOf":{"@id":"https:\/\/bvzadvogados.com.br\/falencia-da-oi\/"},"author":{"name":"admin","@id":"https:\/\/bvzadvogados.com.br\/#\/schema\/person\/4550b39138f04c99e03c14cb3bcad06c"},"headline":"F\u00e1bio Percegoni speaks to Folha de S.Paulo about Oi\u2019s bankruptcy","datePublished":"2026-08-31T16:50:01+00:00","dateModified":"2026-08-31T17:08:47+00:00","mainEntityOfPage":{"@id":"https:\/\/bvzadvogados.com.br\/falencia-da-oi\/"},"wordCount":390,"publisher":{"@id":"https:\/\/bvzadvogados.com.br\/#organization"},"image":{"@id":"https:\/\/bvzadvogados.com.br\/falencia-da-oi\/#primaryimage"},"thumbnailUrl":"https:\/\/bvzadvogados.com.br\/wp-content\/uploads\/2026\/08\/arte-site-OC-2026-08-31T125528.390.png","articleSection":["Press"],"inLanguage":"en-US"},{"@type":"WebPage","@id":"https:\/\/bvzadvogados.com.br\/falencia-da-oi\/","url":"https:\/\/bvzadvogados.com.br\/falencia-da-oi\/","name":"Fal\u00eancia da Oi","isPartOf":{"@id":"https:\/\/bvzadvogados.com.br\/#website"},"primaryImageOfPage":{"@id":"https:\/\/bvzadvogados.com.br\/falencia-da-oi\/#primaryimage"},"image":{"@id":"https:\/\/bvzadvogados.com.br\/falencia-da-oi\/#primaryimage"},"thumbnailUrl":"https:\/\/bvzadvogados.com.br\/wp-content\/uploads\/2026\/08\/arte-site-OC-2026-08-31T125528.390.png","datePublished":"2026-08-31T16:50:01+00:00","dateModified":"2026-08-31T17:08:47+00:00","description":"F\u00e1bio Percegoni analisa \u00e0 Folha de S.Paulo os desdobramentos da fal\u00eancia da Oi e a responsabilidade de fundos de investimento.","breadcrumb":{"@id":"https:\/\/bvzadvogados.com.br\/falencia-da-oi\/#breadcrumb"},"inLanguage":"en-US","potentialAction":[{"@type":"ReadAction","target":["https:\/\/bvzadvogados.com.br\/falencia-da-oi\/"]}]},{"@type":"ImageObject","inLanguage":"en-US","@id":"https:\/\/bvzadvogados.com.br\/falencia-da-oi\/#primaryimage","url":"https:\/\/bvzadvogados.com.br\/wp-content\/uploads\/2026\/08\/arte-site-OC-2026-08-31T125528.390.png","contentUrl":"https:\/\/bvzadvogados.com.br\/wp-content\/uploads\/2026\/08\/arte-site-OC-2026-08-31T125528.390.png","width":2560,"height":1707,"caption":"Fal\u00eancia da Oi"},{"@type":"BreadcrumbList","@id":"https:\/\/bvzadvogados.com.br\/falencia-da-oi\/#breadcrumb","itemListElement":[{"@type":"ListItem","position":1,"name":"In\u00edcio","item":"https:\/\/bvzadvogados.com.br\/"},{"@type":"ListItem","position":2,"name":"F\u00e1bio Percegoni fala \u00e0 Folha de S.Paulo sobre a fal\u00eancia da Oi"}]},{"@type":"WebSite","@id":"https:\/\/bvzadvogados.com.br\/#website","url":"https:\/\/bvzadvogados.com.br\/","name":"BVZ - Bastos Bari Vilela Zugman Advogados","description":"","publisher":{"@id":"https:\/\/bvzadvogados.com.br\/#organization"},"potentialAction":[{"@type":"SearchAction","target":{"@type":"EntryPoint","urlTemplate":"https:\/\/bvzadvogados.com.br\/?s={search_term_string}"},"query-input":{"@type":"PropertyValueSpecification","valueRequired":true,"valueName":"search_term_string"}}],"inLanguage":"en-US"},{"@type":"Organization","@id":"https:\/\/bvzadvogados.com.br\/#organization","name":"BVZ - Bastos Bari Vilela Zugman Advogados","url":"https:\/\/bvzadvogados.com.br\/","logo":{"@type":"ImageObject","inLanguage":"en-US","@id":"https:\/\/bvzadvogados.com.br\/#\/schema\/logo\/image\/","url":"https:\/\/bvzadvogados.com.br\/wp-content\/uploads\/2025\/07\/cropped-favicon-300x300-1.png","contentUrl":"https:\/\/bvzadvogados.com.br\/wp-content\/uploads\/2025\/07\/cropped-favicon-300x300-1.png","width":512,"height":512,"caption":"BVZ - Bastos Bari Vilela Zugman Advogados"},"image":{"@id":"https:\/\/bvzadvogados.com.br\/#\/schema\/logo\/image\/"},"sameAs":["https:\/\/www.linkedin.com\/company\/bvzadvogados\/"]},{"@type":"Person","@id":"https:\/\/bvzadvogados.com.br\/#\/schema\/person\/4550b39138f04c99e03c14cb3bcad06c","name":"admin","image":{"@type":"ImageObject","inLanguage":"en-US","@id":"https:\/\/secure.gravatar.com\/avatar\/c905ba65424bc99d600b3220e8713eaf72b4dd68497ef6722b4375ad88fd5817?s=96&d=mm&r=g","url":"https:\/\/secure.gravatar.com\/avatar\/c905ba65424bc99d600b3220e8713eaf72b4dd68497ef6722b4375ad88fd5817?s=96&d=mm&r=g","contentUrl":"https:\/\/secure.gravatar.com\/avatar\/c905ba65424bc99d600b3220e8713eaf72b4dd68497ef6722b4375ad88fd5817?s=96&d=mm&r=g","caption":"admin"},"sameAs":["https:\/\/bvzadvogados.com.br"],"url":"https:\/\/bvzadvogados.com.br\/en\/author\/admin\/"}]}},"_links":{"self":[{"href":"https:\/\/bvzadvogados.com.br\/en\/wp-json\/wp\/v2\/posts\/3359","targetHints":{"allow":["GET"]}}],"collection":[{"href":"https:\/\/bvzadvogados.com.br\/en\/wp-json\/wp\/v2\/posts"}],"about":[{"href":"https:\/\/bvzadvogados.com.br\/en\/wp-json\/wp\/v2\/types\/post"}],"author":[{"embeddable":true,"href":"https:\/\/bvzadvogados.com.br\/en\/wp-json\/wp\/v2\/users\/1"}],"replies":[{"embeddable":true,"href":"https:\/\/bvzadvogados.com.br\/en\/wp-json\/wp\/v2\/comments?post=3359"}],"version-history":[{"count":6,"href":"https:\/\/bvzadvogados.com.br\/en\/wp-json\/wp\/v2\/posts\/3359\/revisions"}],"predecessor-version":[{"id":3366,"href":"https:\/\/bvzadvogados.com.br\/en\/wp-json\/wp\/v2\/posts\/3359\/revisions\/3366"}],"wp:featuredmedia":[{"embeddable":true,"href":"https:\/\/bvzadvogados.com.br\/en\/wp-json\/wp\/v2\/media\/3360"}],"wp:attachment":[{"href":"https:\/\/bvzadvogados.com.br\/en\/wp-json\/wp\/v2\/media?parent=3359"}],"wp:term":[{"taxonomy":"category","embeddable":true,"href":"https:\/\/bvzadvogados.com.br\/en\/wp-json\/wp\/v2\/categories?post=3359"},{"taxonomy":"post_tag","embeddable":true,"href":"https:\/\/bvzadvogados.com.br\/en\/wp-json\/wp\/v2\/tags?post=3359"}],"curies":[{"name":"wp","href":"https:\/\/api.w.org\/{rel}","templated":true}]}}